{"id":528,"date":"2023-09-09T20:27:35","date_gmt":"2023-09-09T18:27:35","guid":{"rendered":"https:\/\/busf.org\/pilar-miranda-les-da-las-gracias-a-los-bomberos-de-huelva-que-se-marchan-a-marruecos-para-ayudar\/"},"modified":"2025-09-12T14:01:32","modified_gmt":"2025-09-12T12:01:32","slug":"pilar-miranda-les-da-las-gracias-a-los-bomberos-de-huelva-que-se-marchan-a-marruecos-para-ayudar","status":"publish","type":"post","link":"https:\/\/busf.org\/en\/pilar-miranda-les-da-las-gracias-a-los-bomberos-de-huelva-que-se-marchan-a-marruecos-para-ayudar\/","title":{"rendered":"Pilar Miranda les da las gracias a los bomberos de Huelva que se marchan a Marruecos para ayudar"},"content":{"rendered":"<p>Fuente: https:\/\/www.huelvahoy.com\/<\/p>\n<p>El mundo se encuentra<strong>\u00a0conmocionado<\/strong>\u00a0por el terremoto, de casi<strong>\u00a07 puntos de magnitud,<\/strong>\u00a0que tuvo epicentro ayer en\u00a0<strong>Marruecos.<\/strong>\u00a0M\u00e1s de<strong>\u00a01000 personas han fallecido<\/strong>, y otros centenares de ellas han resultado<strong>\u00a0heridas.\u00a0<\/strong><\/p>\n<p>Es por ello que,\u00a0<strong>Bomberos Unidos Sin Fronteras,\u00a0<\/strong>est\u00e1 preparando en estos momentos su<strong>\u00a0salida urgente<\/strong>\u00a0para las labores de\u00a0<strong>rescate.\u00a0Bomberos de Huelva\u00a0<\/strong>tambi\u00e9n partir\u00e1n hacia Marruecos esta tarde, junto a sus compa\u00f1eros de\u00a0<strong>BUSF Espa\u00f1a,\u00a0<\/strong>en<strong>\u00a0misi\u00f3n humanitaria<\/strong>.<\/p>\n<p>La alcaldesa de<strong>\u00a0Huelva<\/strong>,\u00a0<strong>Pilar Miranda<\/strong>\u00a0se ha desplazado hasta el lugar desde donde van a partir los\u00a0<strong>bomberos onubenses\u00a0<\/strong>esta tarde para ir en\u00a0<strong>misi\u00f3n humanitaria<\/strong>\u00a0hasta\u00a0<strong>Marruecos.<\/strong>\u00a0La alcaldesa ha querido\u00a0<strong>agradecer,\u00a0<\/strong>en\u00a0<strong>nombre de toda Huelva<\/strong>\u00a0la labor tan importante que van a hacer buscando supervivientes y\u00a0<strong>salvando vidas humanas.<\/strong><\/p>\n<p>&nbsp;<\/p>\n<p><a href=\"https:\/\/www.huelvahoy.com\/articulo\/sucesos\/pilar-miranda-da-gracias-bomberos-onubenses-que-marchan-marruecos-ayudar\/20230909120828280717.amp.html\" target=\"_blank\" rel=\"noopener\">Leer noticia completa<\/a><\/p>\n","protected":false},"excerpt":{"rendered":"<p>Fuente: https:\/\/www.huelvahoy.com\/ El mundo se encuentra\u00a0conmocionado\u00a0por el terremoto, de casi\u00a07 puntos de magnitud,\u00a0que tuvo epicentro ayer en\u00a0Marruecos.\u00a0M\u00e1s de\u00a01000 personas han fallecido, y otros centenares de ellas han resultado\u00a0heridas.\u00a0 Es por ello que,\u00a0Bomberos Unidos Sin Fronteras,\u00a0est\u00e1 preparando en estos momentos su\u00a0salida urgente\u00a0para las labores de\u00a0rescate.\u00a0Bomberos de Huelva\u00a0tambi\u00e9n partir\u00e1n hacia Marruecos esta tarde, junto a sus compa\u00f1eros [&hellip;]<\/p>\n","protected":false},"author":3,"featured_media":529,"comment_status":"open","ping_status":"open","sticky":false,"template":"","format":"standard","meta":{"_acf_changed":false,"footnotes":""},"categories":[17],"tags":[],"class_list":["post-528","post","type-post","status-publish","format-standard","has-post-thumbnail","hentry","category-emergencias"],"acf":[],"_links":{"self":[{"href":"https:\/\/busf.org\/en\/wp-json\/wp\/v2\/posts\/528","targetHints":{"allow":["GET"]}}],"collection":[{"href":"https:\/\/busf.org\/en\/wp-json\/wp\/v2\/posts"}],"about":[{"href":"https:\/\/busf.org\/en\/wp-json\/wp\/v2\/types\/post"}],"author":[{"embeddable":true,"href":"https:\/\/busf.org\/en\/wp-json\/wp\/v2\/users\/3"}],"replies":[{"embeddable":true,"href":"https:\/\/busf.org\/en\/wp-json\/wp\/v2\/comments?post=528"}],"version-history":[{"count":1,"href":"https:\/\/busf.org\/en\/wp-json\/wp\/v2\/posts\/528\/revisions"}],"predecessor-version":[{"id":1966,"href":"https:\/\/busf.org\/en\/wp-json\/wp\/v2\/posts\/528\/revisions\/1966"}],"wp:featuredmedia":[{"embeddable":true,"href":"https:\/\/busf.org\/en\/wp-json\/wp\/v2\/media\/529"}],"wp:attachment":[{"href":"https:\/\/busf.org\/en\/wp-json\/wp\/v2\/media?parent=528"}],"wp:term":[{"taxonomy":"category","embeddable":true,"href":"https:\/\/busf.org\/en\/wp-json\/wp\/v2\/categories?post=528"},{"taxonomy":"post_tag","embeddable":true,"href":"https:\/\/busf.org\/en\/wp-json\/wp\/v2\/tags?post=528"}],"curies":[{"name":"wp","href":"https:\/\/api.w.org\/{rel}","templated":true}]}}