{"id":507,"date":"2023-02-08T10:29:19","date_gmt":"2023-02-08T09:29:19","guid":{"rendered":"https:\/\/busf.org\/nuestros-companeros-de-busf-espana-desplazados-a-turquia-a-primera-hora-de-la-manana\/"},"modified":"2025-09-12T14:01:33","modified_gmt":"2025-09-12T12:01:33","slug":"nuestros-companeros-de-busf-espana-desplazados-a-turquia-a-primera-hora-de-la-manana","status":"publish","type":"post","link":"https:\/\/busf.org\/en\/nuestros-companeros-de-busf-espana-desplazados-a-turquia-a-primera-hora-de-la-manana\/","title":{"rendered":"Nuestros compa\u00f1eros de BUSF Espa\u00f1a desplazados a Turqu\u00eda a primera hora de la ma\u00f1ana"},"content":{"rendered":"<p>Nuestros compa\u00f1eros de BUSF Espa\u00f1a desplazados a Turqu\u00eda a primera hora de la ma\u00f1ana, preparan su intervenci\u00f3n en la zona afectada por el terremoto, en coordinaci\u00f3n con el Gobierno turco. <\/p>\n<p>\u00a1Gracias por vuestro esfuerzo diario, compa\u00f1eros!<\/p>\n<div style=\"width: 600px;\" class=\"wp-video\"><video class=\"wp-video-shortcode\" id=\"video-507-1\" width=\"600\" preload=\"metadata\" controls=\"controls\"><source type=\"video\/mp4\" src=\"http:\/\/busf.org\/wp-content\/uploads\/2023\/02\/Video-2023-02-08-at-11.15.43.mp4?_=1\" \/><a href=\"http:\/\/busf.org\/wp-content\/uploads\/2023\/02\/Video-2023-02-08-at-11.15.43.mp4\">http:\/\/busf.org\/wp-content\/uploads\/2023\/02\/Video-2023-02-08-at-11.15.43.mp4<\/a><\/video><\/div>\n","protected":false},"excerpt":{"rendered":"<p>Nuestros compa\u00f1eros de BUSF Espa\u00f1a desplazados a Turqu\u00eda a primera hora de la ma\u00f1ana, preparan su intervenci\u00f3n en la zona afectada por el terremoto, en coordinaci\u00f3n con el Gobierno turco. \u00a1Gracias por vuestro esfuerzo diario, compa\u00f1eros!<\/p>\n","protected":false},"author":3,"featured_media":508,"comment_status":"open","ping_status":"open","sticky":false,"template":"","format":"standard","meta":{"_acf_changed":false,"footnotes":""},"categories":[17],"tags":[],"class_list":["post-507","post","type-post","status-publish","format-standard","has-post-thumbnail","hentry","category-emergencias"],"acf":[],"_links":{"self":[{"href":"https:\/\/busf.org\/en\/wp-json\/wp\/v2\/posts\/507","targetHints":{"allow":["GET"]}}],"collection":[{"href":"https:\/\/busf.org\/en\/wp-json\/wp\/v2\/posts"}],"about":[{"href":"https:\/\/busf.org\/en\/wp-json\/wp\/v2\/types\/post"}],"author":[{"embeddable":true,"href":"https:\/\/busf.org\/en\/wp-json\/wp\/v2\/users\/3"}],"replies":[{"embeddable":true,"href":"https:\/\/busf.org\/en\/wp-json\/wp\/v2\/comments?post=507"}],"version-history":[{"count":1,"href":"https:\/\/busf.org\/en\/wp-json\/wp\/v2\/posts\/507\/revisions"}],"predecessor-version":[{"id":2059,"href":"https:\/\/busf.org\/en\/wp-json\/wp\/v2\/posts\/507\/revisions\/2059"}],"wp:featuredmedia":[{"embeddable":true,"href":"https:\/\/busf.org\/en\/wp-json\/wp\/v2\/media\/508"}],"wp:attachment":[{"href":"https:\/\/busf.org\/en\/wp-json\/wp\/v2\/media?parent=507"}],"wp:term":[{"taxonomy":"category","embeddable":true,"href":"https:\/\/busf.org\/en\/wp-json\/wp\/v2\/categories?post=507"},{"taxonomy":"post_tag","embeddable":true,"href":"https:\/\/busf.org\/en\/wp-json\/wp\/v2\/tags?post=507"}],"curies":[{"name":"wp","href":"https:\/\/api.w.org\/{rel}","templated":true}]}}