{"id":5036,"date":"2026-09-01T10:51:53","date_gmt":"2026-09-01T08:51:53","guid":{"rendered":"https:\/\/busf.org\/?p=5036"},"modified":"2026-09-01T10:51:56","modified_gmt":"2026-09-01T08:51:56","slug":"arranca-la-campana-unidos-por-una-buena-educacion-2026-2027","status":"publish","type":"post","link":"https:\/\/busf.org\/en\/arranca-la-campana-unidos-por-una-buena-educacion-2026-2027\/","title":{"rendered":"Arranca la campa\u00f1a Unidos por una Buena Educaci\u00f3n 2026-2027"},"content":{"rendered":"\n<p class=\"wp-block-paragraph\">Bomberos Unidos Sin Fronteras (BUSF) es una organizaci\u00f3n con vocaci\u00f3n internacional que responde ante grandes emergencias y cat\u00e1strofes en cualquier parte del mundo, pero que tambi\u00e9n atiende las necesidades de las familias que atraviesan situaciones de especial vulnerabilidad en nuestro propio pa\u00eds.<\/p>\n\n\n\n<p class=\"wp-block-paragraph\">En 2021, tras la pandemia de COVID-19 y ante las dificultades econ\u00f3micas que afrontaban miles de familias, BUSF puso en marcha por primera vez la campa\u00f1a &#8220;Unidos por una Buena Educaci\u00f3n&#8221;, con el objetivo de ayudar a ni\u00f1os y ni\u00f1as de familias con menos recursos para acceder al material escolar necesario para desarrollar sus estudios con normalidad. Desde entonces, la campa\u00f1a se ha mantenido de manera ininterrumpida cada curso escolar.<\/p>\n\n\n\n<p class=\"wp-block-paragraph\">Para este curso 2026-2027, y por quinto a\u00f1o consecutivo, ponemos en marcha una nueva edici\u00f3n de &#8220;Unidos por una Buena Educaci\u00f3n&#8221; para acompa\u00f1ar a las familias que m\u00e1s lo necesitan y facilitar que ni\u00f1os y ni\u00f1as puedan afrontar la vuelta al cole con los recursos necesarios para aprender.<\/p>\n\n\n\n<p class=\"wp-block-paragraph\">Este a\u00f1o, adem\u00e1s de colaborar con instituciones con las que BUSF trabaja habitualmente, como El Refugio, en Zaragoza, la campa\u00f1a llegar\u00e1 tambi\u00e9n a localidades afectadas por los incendios forestales de este verano. Asimismo, continuaremos apoyando al Colegio La Fila, en Alfafar (Valencia), una comunidad educativa que sufri\u00f3 las consecuencias de la devastadora DANA y a la que volveremos a acompa\u00f1ar durante este curso.<\/p>\n\n\n\n<p class=\"wp-block-paragraph\">Las consecuencias de una emergencia no desaparecen cuando las c\u00e1maras se marchan. La p\u00e9rdida de viviendas, medios de vida y recursos puede seguir afectando durante meses o incluso a\u00f1os a las familias y, especialmente, a los m\u00e1s peque\u00f1os. Tambi\u00e9n en las aulas, donde volver al colegio con normalidad puede convertirse en un reto a\u00f1adido.<\/p>\n\n\n\n<p class=\"wp-block-paragraph\">Garantizar el acceso a la educaci\u00f3n tambi\u00e9n significa estar al lado de las familias cuando m\u00e1s lo necesitan y acompa\u00f1arlas en el camino hacia la recuperaci\u00f3n. Por eso, con esta campa\u00f1a queremos contribuir a que ning\u00fan ni\u00f1o o ni\u00f1a tenga que afrontar el inicio del curso sin el material escolar que necesita.<\/p>\n\n\n\n<p class=\"wp-block-paragraph\">Con la colaboraci\u00f3n de todos y todas podemos conseguir que m\u00e1s ni\u00f1os y ni\u00f1as comiencen este nuevo curso con ilusi\u00f3n, dignidad y los recursos necesarios para seguir aprendiendo.<\/p>\n\n\n\n<p class=\"wp-block-paragraph\">\u00bfNos ayudas?<\/p>\n\n\n\n<p class=\"wp-block-paragraph\"><strong>\u00a1Unidos con la infancia! \u00a1Unidos por el derecho a la educaci\u00f3n!<\/strong><\/p>\n\n\n\n<figure class=\"wp-block-image size-full\"><img fetchpriority=\"high\" decoding=\"async\" width=\"851\" height=\"315\" src=\"https:\/\/busf.org\/wp-content\/uploads\/2026\/09\/Portada_facebook_BUSF-851x315-px.png\" alt=\"\" class=\"wp-image-5038\" srcset=\"https:\/\/busf.org\/wp-content\/uploads\/2026\/09\/Portada_facebook_BUSF-851x315-px.png 851w, https:\/\/busf.org\/wp-content\/uploads\/2026\/09\/Portada_facebook_BUSF-851x315-px-300x111.png 300w, https:\/\/busf.org\/wp-content\/uploads\/2026\/09\/Portada_facebook_BUSF-851x315-px-768x284.png 768w\" sizes=\"(max-width: 851px) 100vw, 851px\" \/><\/figure>\n","protected":false},"excerpt":{"rendered":"<p>Bomberos Unidos Sin Fronteras (BUSF) es una organizaci\u00f3n con vocaci\u00f3n internacional que responde ante grandes emergencias y cat\u00e1strofes en cualquier parte del mundo, pero que tambi\u00e9n atiende las necesidades de las familias que atraviesan situaciones de especial vulnerabilidad en nuestro propio pa\u00eds. En 2021, tras la pandemia de COVID-19 y ante las dificultades econ\u00f3micas que [&hellip;]<\/p>\n","protected":false},"author":2,"featured_media":5040,"comment_status":"open","ping_status":"open","sticky":false,"template":"","format":"standard","meta":{"_acf_changed":false,"footnotes":""},"categories":[1],"tags":[],"class_list":["post-5036","post","type-post","status-publish","format-standard","has-post-thumbnail","hentry","category-general"],"acf":[],"_links":{"self":[{"href":"https:\/\/busf.org\/en\/wp-json\/wp\/v2\/posts\/5036","targetHints":{"allow":["GET"]}}],"collection":[{"href":"https:\/\/busf.org\/en\/wp-json\/wp\/v2\/posts"}],"about":[{"href":"https:\/\/busf.org\/en\/wp-json\/wp\/v2\/types\/post"}],"author":[{"embeddable":true,"href":"https:\/\/busf.org\/en\/wp-json\/wp\/v2\/users\/2"}],"replies":[{"embeddable":true,"href":"https:\/\/busf.org\/en\/wp-json\/wp\/v2\/comments?post=5036"}],"version-history":[{"count":1,"href":"https:\/\/busf.org\/en\/wp-json\/wp\/v2\/posts\/5036\/revisions"}],"predecessor-version":[{"id":5039,"href":"https:\/\/busf.org\/en\/wp-json\/wp\/v2\/posts\/5036\/revisions\/5039"}],"wp:featuredmedia":[{"embeddable":true,"href":"https:\/\/busf.org\/en\/wp-json\/wp\/v2\/media\/5040"}],"wp:attachment":[{"href":"https:\/\/busf.org\/en\/wp-json\/wp\/v2\/media?parent=5036"}],"wp:term":[{"taxonomy":"category","embeddable":true,"href":"https:\/\/busf.org\/en\/wp-json\/wp\/v2\/categories?post=5036"},{"taxonomy":"post_tag","embeddable":true,"href":"https:\/\/busf.org\/en\/wp-json\/wp\/v2\/tags?post=5036"}],"curies":[{"name":"wp","href":"https:\/\/api.w.org\/{rel}","templated":true}]}}