{"id":387,"date":"2019-11-28T13:29:26","date_gmt":"2019-11-28T12:29:26","guid":{"rendered":"https:\/\/busf.org\/resumen-de-proyectos-y-actividades-con-nicaragua-2019\/"},"modified":"2025-09-12T14:01:38","modified_gmt":"2025-09-12T12:01:38","slug":"resumen-de-proyectos-y-actividades-con-nicaragua-2019","status":"publish","type":"post","link":"https:\/\/busf.org\/en\/resumen-de-proyectos-y-actividades-con-nicaragua-2019\/","title":{"rendered":"Resumen de proyectos y actividades con Nicaragua 2019"},"content":{"rendered":"\n<p><strong>Abril.- Se completa una nueva pasant\u00eda en C\u00f3rdoba<\/strong><\/p>\n\n\n\n<p>Objetivo. Formaci\u00f3n y multiplicaci\u00f3n de los conocimientos adquiridos.<\/p>\n\n\n\n<p>Un a\u00f1o m\u00e1s -y con este van\ncinco-, la Diputaci\u00f3n de C\u00f3rdoba cofinancia esta actividad internacional\ngracias al apoyo del Consorcio Provincial de Bomberos, en la cual dos bomberas\nvoluntarias nicarag\u00fcenses han compartido conocimientos y experiencias con\nmiembros de BUSF en C\u00f3rdoba y personal del Consorcio. <\/p>\n\n\n\n<ul class=\"wp-block-gallery columns-3 is-cropped wp-block-gallery-1 is-layout-flex wp-block-gallery-is-layout-flex\"><li class=\"blocks-gallery-item\"><figure><a href=\"http:\/\/busf.org\/wp-content\/uploads\/2019\/11\/image001-1030x773.jpg\"><img decoding=\"async\" src=\"http:\/\/busf.org\/wp-content\/uploads\/2019\/11\/image001-1030x773.jpg\" alt=\" data-id=\"12290\" data-link=\"http:\/\/busf.org\/?attachment_id=12290\" class=\"wp-image-12290\"\/><\/a><\/figure><\/li><li class=\"blocks-gallery-item\"><figure><a href=\"http:\/\/busf.org\/wp-content\/uploads\/2019\/11\/image002-1030x773.jpg\"><img decoding=\"async\" src=\"http:\/\/busf.org\/wp-content\/uploads\/2019\/11\/image002-1030x773.jpg\" alt=\" data-id=\"12292\" data-link=\"http:\/\/busf.org\/?attachment_id=12292\" class=\"wp-image-12292\"\/><\/a><\/figure><\/li><li class=\"blocks-gallery-item\"><figure><a href=\"http:\/\/busf.org\/wp-content\/uploads\/2019\/11\/image003.jpg\"><img decoding=\"async\" src=\"http:\/\/busf.org\/wp-content\/uploads\/2019\/11\/image003.jpg\" alt=\" data-id=\"12294\" data-link=\"http:\/\/busf.org\/?attachment_id=12294\" class=\"wp-image-12294\"\/><\/a><\/figure><\/li><li class=\"blocks-gallery-item\"><figure><a href=\"http:\/\/busf.org\/wp-content\/uploads\/2019\/11\/image004-1030x579.jpg\"><img decoding=\"async\" src=\"http:\/\/busf.org\/wp-content\/uploads\/2019\/11\/image004-1030x579.jpg\" alt=\" data-id=\"12296\" data-link=\"http:\/\/busf.org\/?attachment_id=12296\" class=\"wp-image-12296\"\/><\/a><\/figure><\/li><li class=\"blocks-gallery-item\"><figure><a href=\"http:\/\/busf.org\/wp-content\/uploads\/2019\/11\/image005-773x1030.jpg\"><img decoding=\"async\" src=\"http:\/\/busf.org\/wp-content\/uploads\/2019\/11\/image005-773x1030.jpg\" alt=\" data-id=\"12298\" data-link=\"http:\/\/busf.org\/?attachment_id=12298\" class=\"wp-image-12298\"\/><\/a><\/figure><\/li><li class=\"blocks-gallery-item\"><figure><a href=\"http:\/\/busf.org\/wp-content\/uploads\/2019\/11\/image006.jpg\"><img decoding=\"async\" src=\"http:\/\/busf.org\/wp-content\/uploads\/2019\/11\/image006.jpg\" alt=\" data-id=\"12300\" data-link=\"http:\/\/busf.org\/?attachment_id=12300\" class=\"wp-image-12300\"\/><\/a><\/figure><\/li><li class=\"blocks-gallery-item\"><figure><a href=\"http:\/\/busf.org\/wp-content\/uploads\/2019\/11\/image007-773x1030.jpg\"><img decoding=\"async\" src=\"http:\/\/busf.org\/wp-content\/uploads\/2019\/11\/image007-773x1030.jpg\" alt=\" data-id=\"12302\" data-link=\"http:\/\/busf.org\/?attachment_id=12302\" class=\"wp-image-12302\"\/><\/a><\/figure><\/li><li class=\"blocks-gallery-item\"><figure><a href=\"http:\/\/busf.org\/wp-content\/uploads\/2019\/11\/image008-773x1030.jpg\"><img decoding=\"async\" src=\"http:\/\/busf.org\/wp-content\/uploads\/2019\/11\/image008-773x1030.jpg\" alt=\" data-id=\"12304\" data-link=\"http:\/\/busf.org\/?attachment_id=12304\" class=\"wp-image-12304\"\/><\/a><\/figure><\/li><li class=\"blocks-gallery-item\"><figure><a href=\"http:\/\/busf.org\/wp-content\/uploads\/2019\/11\/image009-773x1030.jpg\"><img decoding=\"async\" src=\"http:\/\/busf.org\/wp-content\/uploads\/2019\/11\/image009-773x1030.jpg\" alt=\" data-id=\"12306\" data-link=\"http:\/\/busf.org\/?attachment_id=12306\" class=\"wp-image-12306\"\/><\/a><\/figure><\/li><li class=\"blocks-gallery-item\"><figure><a href=\"http:\/\/busf.org\/wp-content\/uploads\/2019\/11\/image010-773x1030.jpg\"><img decoding=\"async\" src=\"http:\/\/busf.org\/wp-content\/uploads\/2019\/11\/image010-773x1030.jpg\" alt=\" data-id=\"12308\" data-link=\"http:\/\/busf.org\/?attachment_id=12308\" class=\"wp-image-12308\"\/><\/a><\/figure><\/li><li class=\"blocks-gallery-item\"><figure><a href=\"http:\/\/busf.org\/wp-content\/uploads\/2019\/11\/image011-1030x773.jpg\"><img decoding=\"async\" src=\"http:\/\/busf.org\/wp-content\/uploads\/2019\/11\/image011-1030x773.jpg\" alt=\" data-id=\"12310\" data-link=\"http:\/\/busf.org\/?attachment_id=12310\" class=\"wp-image-12310\"\/><\/a><\/figure><\/li><li class=\"blocks-gallery-item\"><figure><a href=\"http:\/\/busf.org\/wp-content\/uploads\/2019\/11\/image012-1030x773.jpg\"><img decoding=\"async\" src=\"http:\/\/busf.org\/wp-content\/uploads\/2019\/11\/image012-1030x773.jpg\" alt=\" data-id=\"12312\" data-link=\"http:\/\/busf.org\/?attachment_id=12312\" class=\"wp-image-12312\"\/><\/a><\/figure><\/li><li class=\"blocks-gallery-item\"><figure><a href=\"http:\/\/busf.org\/wp-content\/uploads\/2019\/11\/image013-1030x773.jpg\"><img decoding=\"async\" src=\"http:\/\/busf.org\/wp-content\/uploads\/2019\/11\/image013-1030x773.jpg\" alt=\" data-id=\"12314\" data-link=\"http:\/\/busf.org\/?attachment_id=12314\" class=\"wp-image-12314\"\/><\/a><\/figure><\/li><\/ul>\n\n\n\n<p><strong>Junio.- &nbsp;<\/strong>Proyecto de Ayuda Humanitaria. &#8220;REDUCCI\u00d3N DE LA VULNERABILIDAD DE LA POBLACI\u00d3N DE LA REP\u00daBLICA DE NICARAGUA MEDIANTE LA FORMACI\u00d3N DE T\u00c9CNICOS DE EMERGENCIA EN INTERVENCIONES EN GRANDES CAT\u00c1STROFES NATURALES\u201d<\/p>\n\n\n\n<p>BUSF, con financiaci\u00f3n del \u00c1rea de Cooperaci\u00f3n Internacional de la Diputaci\u00f3n Provincial de C\u00f3rdoba, instruy\u00f3 a 20 miembros del Cuerpo de Bomberos Unificados de Nicaragua y otros servicios de primera respuesta nicarag\u00fcenses, en t\u00e9cnicas de rescate y salvamento en inundaciones y riadas producidas por grandes cat\u00e1strofes naturales.<\/p>\n\n\n\n<ul class=\"wp-block-gallery columns-3 is-cropped wp-block-gallery-2 is-layout-flex wp-block-gallery-is-layout-flex\"><li class=\"blocks-gallery-item\"><figure><a href=\"https:\/\/busf.org\/wp-content\/uploads\/2019\/11\/image014.jpg\"><img decoding=\"async\" src=\"https:\/\/busf.org\/wp-content\/uploads\/2019\/11\/image014.jpg\" alt=\" data-id=\"12319\" data-link=\"https:\/\/busf.org\/?attachment_id=12319\" class=\"wp-image-12319\"\/><\/a><\/figure><\/li><li class=\"blocks-gallery-item\"><figure><a href=\"https:\/\/busf.org\/wp-content\/uploads\/2019\/11\/image015.jpg\"><img decoding=\"async\" src=\"https:\/\/busf.org\/wp-content\/uploads\/2019\/11\/image015.jpg\" alt=\" data-id=\"12321\" data-link=\"https:\/\/busf.org\/?attachment_id=12321\" class=\"wp-image-12321\"\/><\/a><\/figure><\/li><li class=\"blocks-gallery-item\"><figure><a href=\"https:\/\/busf.org\/wp-content\/uploads\/2019\/11\/image016.jpg\"><img decoding=\"async\" src=\"https:\/\/busf.org\/wp-content\/uploads\/2019\/11\/image016.jpg\" alt=\" data-id=\"12323\" data-link=\"https:\/\/busf.org\/?attachment_id=12323\" class=\"wp-image-12323\"\/><\/a><\/figure><\/li><li class=\"blocks-gallery-item\"><figure><a href=\"https:\/\/busf.org\/wp-content\/uploads\/2019\/11\/image017.jpg\"><img decoding=\"async\" src=\"https:\/\/busf.org\/wp-content\/uploads\/2019\/11\/image017.jpg\" alt=\" data-id=\"12325\" data-link=\"https:\/\/busf.org\/?attachment_id=12325\" class=\"wp-image-12325\"\/><\/a><\/figure><\/li><\/ul>\n\n\n\n<p><strong>Presentaci\u00f3n de donaci\u00f3n de una Auto-Escala de 50m <\/strong>en el \u00a0Edificio de la\u00a0Direcci\u00f3n General de Emergencias y Protecci\u00f3n Civil\u00a0del Ayto. De Madrid.<\/p>\n\n\n\n<p>El \u00a0Dtor. Gral. De Emergencias y Prot. Civil, Enrique L\u00f3pez Ventura y Rafael Ferr\u00e1ndiz Albendea, Jefe del Cuerpo de Bomberos del Ayto. De Madrid, junto a Oficiales de Bomberos y responsables de Bomberos Unidos- BUSF, hicieron la <em>\u201centrega de llaves\u201d<\/em>\u00a0 al Embajador de Nicaragua en Espa\u00f1a, Carlos Midence\u00a0y la Ministra\u00a0Consejera, Milagros Urbina, de la Auto-Escala de 50m. que recibir\u00e1n en donaci\u00f3n el\u00a0Cuerpo de Bomberos Unificados de Nicaragua,\u00a0a trav\u00e9s de la Direcci\u00f3n General de Bomberos,\u00a0Ministerio de Gobernaci\u00f3n de Nicaragua.<\/p>\n\n\n\n<ul class=\"wp-block-gallery columns-2 is-cropped wp-block-gallery-3 is-layout-flex wp-block-gallery-is-layout-flex\"><li class=\"blocks-gallery-item\"><figure><a href=\"http:\/\/busf.org\/wp-content\/uploads\/2019\/11\/image018.jpg\"><img decoding=\"async\" src=\"http:\/\/busf.org\/wp-content\/uploads\/2019\/11\/image018.jpg\" alt=\" data-id=\"12327\" data-link=\"http:\/\/busf.org\/?attachment_id=12327\" class=\"wp-image-12327\"\/><\/a><\/figure><\/li><li class=\"blocks-gallery-item\"><figure><a href=\"http:\/\/busf.org\/wp-content\/uploads\/2019\/11\/image019-1030x687.jpg\"><img decoding=\"async\" src=\"http:\/\/busf.org\/wp-content\/uploads\/2019\/11\/image019-1030x687.jpg\" alt=\" data-id=\"12329\" data-link=\"http:\/\/busf.org\/?attachment_id=12329\" class=\"wp-image-12329\"\/><\/a><\/figure><\/li><\/ul>\n\n\n\n<p><strong>Agosto.-&nbsp; Llegada de la Escala a destino final en\nManagua<\/strong><\/p>\n\n\n\n<ul class=\"wp-block-gallery columns-2 is-cropped wp-block-gallery-4 is-layout-flex wp-block-gallery-is-layout-flex\"><li class=\"blocks-gallery-item\"><figure><a href=\"https:\/\/busf.org\/wp-content\/uploads\/2019\/11\/image020.jpg\"><img decoding=\"async\" src=\"https:\/\/busf.org\/wp-content\/uploads\/2019\/11\/image020.jpg\" alt=\" data-id=\"12332\" data-link=\"https:\/\/busf.org\/?attachment_id=12332\" class=\"wp-image-12332\"\/><\/a><\/figure><\/li><li class=\"blocks-gallery-item\"><figure><a href=\"https:\/\/busf.org\/wp-content\/uploads\/2019\/11\/image021-1030x773.jpg\"><img decoding=\"async\" src=\"https:\/\/busf.org\/wp-content\/uploads\/2019\/11\/image021-1030x773.jpg\" alt=\" data-id=\"12334\" data-link=\"https:\/\/busf.org\/?attachment_id=12334\" class=\"wp-image-12334\"\/><\/a><\/figure><\/li><\/ul>\n\n\n\n<p><strong>Septiembre<\/strong>.-\u00a0 Env\u00edo de un contenedor de 40\u00b4HC, con equipos de protecci\u00f3n, trabajo y medios materiales para bomberos, donados por el Ayto. Madrid, Dr\u00e4ger y otros servicios de bomberos, tambi\u00e9n\u00a0diverso material sanitario donado por Sanicen S.L, con la colaboraci\u00f3n para el env\u00edo de Euro Mundo Logistics- EML. <\/p>\n\n\n\n<ul class=\"wp-block-gallery columns-3 is-cropped wp-block-gallery-5 is-layout-flex wp-block-gallery-is-layout-flex\"><li class=\"blocks-gallery-item\"><figure><a href=\"https:\/\/busf.org\/wp-content\/uploads\/2019\/11\/image022.jpg\"><img decoding=\"async\" src=\"https:\/\/busf.org\/wp-content\/uploads\/2019\/11\/image022.jpg\" alt=\" data-id=\"12337\" data-link=\"https:\/\/busf.org\/?attachment_id=12337\" class=\"wp-image-12337\"\/><\/a><\/figure><\/li><li class=\"blocks-gallery-item\"><figure><a href=\"https:\/\/busf.org\/wp-content\/uploads\/2019\/11\/image023.jpg\"><img decoding=\"async\" src=\"https:\/\/busf.org\/wp-content\/uploads\/2019\/11\/image023.jpg\" alt=\" data-id=\"12339\" data-link=\"https:\/\/busf.org\/?attachment_id=12339\" class=\"wp-image-12339\"\/><\/a><\/figure><\/li><li class=\"blocks-gallery-item\"><figure><a href=\"https:\/\/busf.org\/wp-content\/uploads\/2019\/11\/image024.jpg\"><img decoding=\"async\" src=\"https:\/\/busf.org\/wp-content\/uploads\/2019\/11\/image024.jpg\" alt=\" data-id=\"12341\" data-link=\"https:\/\/busf.org\/?attachment_id=12341\" class=\"wp-image-12341\"\/><\/a><\/figure><\/li><li class=\"blocks-gallery-item\"><figure><a href=\"https:\/\/busf.org\/wp-content\/uploads\/2019\/11\/image025.jpg\"><img decoding=\"async\" src=\"https:\/\/busf.org\/wp-content\/uploads\/2019\/11\/image025.jpg\" alt=\" data-id=\"12343\" data-link=\"https:\/\/busf.org\/?attachment_id=12343\" class=\"wp-image-12343\"\/><\/a><\/figure><\/li><\/ul>\n\n\n\n<p><strong>Octubre.-<\/strong> &nbsp;Primera parte: &nbsp;<\/p>\n\n\n\n<p><strong>Formaci\u00f3n en extinci\u00f3n de incendios y uso de la Auto-Escala en Nicaragua.<\/strong><\/p>\n\n\n\n<p>4 Instructores de BUSF Espa\u00f1a, Pablo Bernal, Francisco Toledano, Antonio G\u00f3mez y Ram\u00f3n Chaparro, impartieron los siguientes m\u00f3dulos formativos:<\/p>\n\n\n\n<p>-Curso de incendios en interiores en la Academia Nacional BUSF Nicaragua, donde\u00a020 alumnos adquirieron conocimientos de Extinci\u00f3n de Incendios, instalaciones b\u00e1sicas de ataque a fuego, nociones de orientaci\u00f3n y pr\u00e1cticas de fuego en la que se aplicaron distintas t\u00e9cnicas de extinci\u00f3n.<\/p>\n\n\n\n<p>-Curso de uso y manejo del cami\u00f3n Auto-Escala de 50m. Esta formaci\u00f3n se ha realizado en la Academia Nacional de Bomberos Unificados de Managua, en la que 10 conductores de los distintos cuerpos de los bomberos unificados de\u00a0Nicaragua adquirieron los conocimientos y destreza en el manejo de la misma, adem\u00e1s de los l\u00edmites y campos de trabajo. <\/p>\n\n\n\n<p>Paralelamente, se realiza en la academia BUSF de Granada una jornada en la que se capacita a voluntarios BUSF sobre los equipos especiales que se han enviado desde BUSF Espa\u00f1a. <\/p>\n\n\n\n<p>En la clausura de los cursos presidi\u00f3 la Ministra de Gobernaci\u00f3n Mar\u00eda Amelia Coronel, el Viceministro de Gobernaci\u00f3n Luis Roberto Ca\u00f1as, el Comdte. De Brigada Bomberos Unificados y Dtor. Gral. De la Direcci\u00f3n Gral. de Bomberos Ram\u00f3n Landero, el Comdte. Del Benem\u00e9rito Cuerpo de Bomberos de Managua y Presidente de BUSF- Nicaragua Manuel Zamora.<\/p>\n\n\n\n<ul class=\"wp-block-gallery columns-3 is-cropped wp-block-gallery-6 is-layout-flex wp-block-gallery-is-layout-flex\"><li class=\"blocks-gallery-item\"><figure><a href=\"https:\/\/busf.org\/wp-content\/uploads\/2019\/11\/image026-1030x773.jpg\"><img decoding=\"async\" src=\"https:\/\/busf.org\/wp-content\/uploads\/2019\/11\/image026-1030x773.jpg\" alt=\" data-id=\"12345\" data-link=\"https:\/\/busf.org\/?attachment_id=12345\" class=\"wp-image-12345\"\/><\/a><\/figure><\/li><li class=\"blocks-gallery-item\"><figure><a href=\"https:\/\/busf.org\/wp-content\/uploads\/2019\/11\/image027-773x1030.jpg\"><img decoding=\"async\" src=\"https:\/\/busf.org\/wp-content\/uploads\/2019\/11\/image027-773x1030.jpg\" alt=\" data-id=\"12347\" data-link=\"https:\/\/busf.org\/?attachment_id=12347\" class=\"wp-image-12347\"\/><\/a><\/figure><\/li><li class=\"blocks-gallery-item\"><figure><a href=\"https:\/\/busf.org\/wp-content\/uploads\/2019\/11\/image028-1030x773.jpg\"><img decoding=\"async\" src=\"https:\/\/busf.org\/wp-content\/uploads\/2019\/11\/image028-1030x773.jpg\" alt=\" data-id=\"12349\" data-link=\"https:\/\/busf.org\/?attachment_id=12349\" class=\"wp-image-12349\"\/><\/a><\/figure><\/li><li class=\"blocks-gallery-item\"><figure><a href=\"https:\/\/busf.org\/wp-content\/uploads\/2019\/11\/image029-1030x773.jpg\"><img decoding=\"async\" src=\"https:\/\/busf.org\/wp-content\/uploads\/2019\/11\/image029-1030x773.jpg\" alt=\" data-id=\"12351\" data-link=\"https:\/\/busf.org\/?attachment_id=12351\" class=\"wp-image-12351\"\/><\/a><\/figure><\/li><li class=\"blocks-gallery-item\"><figure><a href=\"https:\/\/busf.org\/wp-content\/uploads\/2019\/11\/image030-773x1030.jpg\"><img decoding=\"async\" src=\"https:\/\/busf.org\/wp-content\/uploads\/2019\/11\/image030-773x1030.jpg\" alt=\" data-id=\"12353\" data-link=\"https:\/\/busf.org\/?attachment_id=12353\" class=\"wp-image-12353\"\/><\/a><\/figure><\/li><li class=\"blocks-gallery-item\"><figure><a href=\"https:\/\/busf.org\/wp-content\/uploads\/2019\/11\/image031-1030x773.jpg\"><img decoding=\"async\" src=\"https:\/\/busf.org\/wp-content\/uploads\/2019\/11\/image031-1030x773.jpg\" alt=\" data-id=\"12355\" data-link=\"https:\/\/busf.org\/?attachment_id=12355\" class=\"wp-image-12355\"\/><\/a><\/figure><\/li><li class=\"blocks-gallery-item\"><figure><a href=\"https:\/\/busf.org\/wp-content\/uploads\/2019\/11\/image032-773x1030.jpg\"><img decoding=\"async\" src=\"https:\/\/busf.org\/wp-content\/uploads\/2019\/11\/image032-773x1030.jpg\" alt=\" data-id=\"12357\" data-link=\"https:\/\/busf.org\/?attachment_id=12357\" class=\"wp-image-12357\"\/><\/a><\/figure><\/li><li class=\"blocks-gallery-item\"><figure><a href=\"https:\/\/busf.org\/wp-content\/uploads\/2019\/11\/image033-1030x773.jpg\"><img decoding=\"async\" src=\"https:\/\/busf.org\/wp-content\/uploads\/2019\/11\/image033-1030x773.jpg\" alt=\" data-id=\"12359\" data-link=\"https:\/\/busf.org\/?attachment_id=12359\" class=\"wp-image-12359\"\/><\/a><\/figure><\/li><li class=\"blocks-gallery-item\"><figure><a href=\"https:\/\/busf.org\/wp-content\/uploads\/2019\/11\/image034-773x1030.jpg\"><img decoding=\"async\" src=\"https:\/\/busf.org\/wp-content\/uploads\/2019\/11\/image034-773x1030.jpg\" alt=\" data-id=\"12361\" data-link=\"https:\/\/busf.org\/?attachment_id=12361\" class=\"wp-image-12361\"\/><\/a><\/figure><\/li><li class=\"blocks-gallery-item\"><figure><a href=\"https:\/\/busf.org\/wp-content\/uploads\/2019\/11\/image035-773x1030.jpg\"><img decoding=\"async\" src=\"https:\/\/busf.org\/wp-content\/uploads\/2019\/11\/image035-773x1030.jpg\" alt=\" data-id=\"12363\" data-link=\"https:\/\/busf.org\/?attachment_id=12363\" class=\"wp-image-12363\"\/><\/a><\/figure><\/li><li class=\"blocks-gallery-item\"><figure><a href=\"https:\/\/busf.org\/wp-content\/uploads\/2019\/11\/image036.jpg\"><img decoding=\"async\" src=\"https:\/\/busf.org\/wp-content\/uploads\/2019\/11\/image036.jpg\" alt=\" data-id=\"12365\" data-link=\"https:\/\/busf.org\/?attachment_id=12365\" class=\"wp-image-12365\"\/><\/a><\/figure><\/li><li class=\"blocks-gallery-item\"><figure><a href=\"https:\/\/busf.org\/wp-content\/uploads\/2019\/11\/image037-773x1030.jpg\"><img decoding=\"async\" src=\"https:\/\/busf.org\/wp-content\/uploads\/2019\/11\/image037-773x1030.jpg\" alt=\" data-id=\"12367\" data-link=\"https:\/\/busf.org\/?attachment_id=12367\" class=\"wp-image-12367\"\/><\/a><\/figure><\/li><li class=\"blocks-gallery-item\"><figure><a href=\"https:\/\/busf.org\/wp-content\/uploads\/2019\/11\/image038.jpg\"><img decoding=\"async\" src=\"https:\/\/busf.org\/wp-content\/uploads\/2019\/11\/image038.jpg\" alt=\" data-id=\"12369\" data-link=\"https:\/\/busf.org\/?attachment_id=12369\" class=\"wp-image-12369\"\/><\/a><\/figure><\/li><li class=\"blocks-gallery-item\"><figure><a href=\"https:\/\/busf.org\/wp-content\/uploads\/2019\/11\/image039-773x1030.jpg\"><img decoding=\"async\" src=\"https:\/\/busf.org\/wp-content\/uploads\/2019\/11\/image039-773x1030.jpg\" alt=\" data-id=\"12371\" data-link=\"https:\/\/busf.org\/?attachment_id=12371\" class=\"wp-image-12371\"\/><\/a><\/figure><\/li><li class=\"blocks-gallery-item\"><figure><a href=\"https:\/\/busf.org\/wp-content\/uploads\/2019\/11\/image040.jpg\"><img decoding=\"async\" src=\"https:\/\/busf.org\/wp-content\/uploads\/2019\/11\/image040.jpg\" alt=\" data-id=\"12373\" data-link=\"https:\/\/busf.org\/?attachment_id=12373\" class=\"wp-image-12373\"\/><\/a><\/figure><\/li><li class=\"blocks-gallery-item\"><figure><a href=\"https:\/\/busf.org\/wp-content\/uploads\/2019\/11\/image041.jpg\"><img decoding=\"async\" src=\"https:\/\/busf.org\/wp-content\/uploads\/2019\/11\/image041.jpg\" alt=\" data-id=\"12375\" data-link=\"https:\/\/busf.org\/?attachment_id=12375\" class=\"wp-image-12375\"\/><\/a><\/figure><\/li><li class=\"blocks-gallery-item\"><figure><a href=\"https:\/\/busf.org\/wp-content\/uploads\/2019\/11\/image042.jpg\"><img decoding=\"async\" src=\"https:\/\/busf.org\/wp-content\/uploads\/2019\/11\/image042.jpg\" alt=\" data-id=\"12377\" data-link=\"https:\/\/busf.org\/?attachment_id=12377\" class=\"wp-image-12377\"\/><\/a><\/figure><\/li><li class=\"blocks-gallery-item\"><figure><a href=\"https:\/\/busf.org\/wp-content\/uploads\/2019\/11\/image043-773x1030.jpg\"><img decoding=\"async\" src=\"https:\/\/busf.org\/wp-content\/uploads\/2019\/11\/image043-773x1030.jpg\" alt=\" data-id=\"12379\" data-link=\"https:\/\/busf.org\/?attachment_id=12379\" class=\"wp-image-12379\"\/><\/a><\/figure><\/li><li class=\"blocks-gallery-item\"><figure><a href=\"https:\/\/busf.org\/wp-content\/uploads\/2019\/11\/image044-488x1030.jpg\"><img decoding=\"async\" src=\"https:\/\/busf.org\/wp-content\/uploads\/2019\/11\/image044-488x1030.jpg\" alt=\" data-id=\"12381\" data-link=\"https:\/\/busf.org\/?attachment_id=12381\" class=\"wp-image-12381\"\/><\/a><\/figure><\/li><li class=\"blocks-gallery-item\"><figure><a href=\"https:\/\/busf.org\/wp-content\/uploads\/2019\/11\/image045-773x1030.jpg\"><img decoding=\"async\" src=\"https:\/\/busf.org\/wp-content\/uploads\/2019\/11\/image045-773x1030.jpg\" alt=\" data-id=\"12383\" data-link=\"https:\/\/busf.org\/?attachment_id=12383\" class=\"wp-image-12383\"\/><\/a><\/figure><\/li><li class=\"blocks-gallery-item\"><figure><a href=\"https:\/\/busf.org\/wp-content\/uploads\/2019\/11\/image046-1030x773.jpg\"><img decoding=\"async\" src=\"https:\/\/busf.org\/wp-content\/uploads\/2019\/11\/image046-1030x773.jpg\" alt=\" data-id=\"12385\" data-link=\"https:\/\/busf.org\/?attachment_id=12385\" class=\"wp-image-12385\"\/><\/a><\/figure><\/li><\/ul>\n\n\n\n<p><strong>Segunda parte:<\/strong><\/p>\n\n\n\n<p>4 Instructores de BUSF Espa\u00f1a, C\u00e9sar S\u00e1nchez, Adolfo Balongo, Antonio Garc\u00eda y Cindia Morales (UMA), impartieron los siguientes m\u00f3dulos formativos:<\/p>\n\n\n\n<p>&#8211; Formaci\u00f3n sanitaria completar\u00eda a modulo de Extinci\u00f3n de Incendios, atenci\u00f3n prehospitalaria a v\u00edctimas en caso de\u00a0incendios.<\/p>\n\n\n\n<p><strong>&#8211;<\/strong> \u00a0Conocimientos sobre el mantenimiento, reparaci\u00f3n y puesta en marcha de tres plantas de potabilizaci\u00f3n de agua ante emergencias (Dinotec).<\/p>\n\n\n\n<p><strong>&#8211;<\/strong> \u00a0Acto Nacional por 40 Aniversario de la Republica de Nicaragua, en el cual \u00a0BUSF Espa\u00f1a como invitada de honor, recibe el galard\u00f3n <strong>Hermandad Entre Bomberos<\/strong>, siendo la \u00fanica ONG, que ha recibido esta especial distinci\u00f3n en la Rep. De Nicaragua.<\/p>\n\n\n\n<p>&#8211;\u00a0 \u00a0Valoraci\u00f3n sobre el terreno de nuevos proyectos en potenciaci\u00f3n y fortalecimiento del Cuerpo de Bomberos Unificados de Nicaragua y otros Servicios de primera respuesta. <\/p>\n\n\n\n<ul class=\"wp-block-gallery columns-3 is-cropped wp-block-gallery-7 is-layout-flex wp-block-gallery-is-layout-flex\"><li class=\"blocks-gallery-item\"><figure><a href=\"https:\/\/busf.org\/wp-content\/uploads\/2019\/11\/image047-1030x773.jpg\"><img decoding=\"async\" src=\"https:\/\/busf.org\/wp-content\/uploads\/2019\/11\/image047-1030x773.jpg\" alt=\" data-id=\"12387\" data-link=\"https:\/\/busf.org\/?attachment_id=12387\" class=\"wp-image-12387\"\/><\/a><\/figure><\/li><li class=\"blocks-gallery-item\"><figure><a href=\"https:\/\/busf.org\/wp-content\/uploads\/2019\/11\/image048.jpg\"><img decoding=\"async\" src=\"https:\/\/busf.org\/wp-content\/uploads\/2019\/11\/image048.jpg\" alt=\" data-id=\"12389\" data-link=\"https:\/\/busf.org\/?attachment_id=12389\" class=\"wp-image-12389\"\/><\/a><\/figure><\/li><li class=\"blocks-gallery-item\"><figure><a href=\"https:\/\/busf.org\/wp-content\/uploads\/2019\/11\/image049.jpg\"><img decoding=\"async\" src=\"https:\/\/busf.org\/wp-content\/uploads\/2019\/11\/image049.jpg\" alt=\" data-id=\"12391\" data-link=\"https:\/\/busf.org\/?attachment_id=12391\" class=\"wp-image-12391\"\/><\/a><\/figure><\/li><li class=\"blocks-gallery-item\"><figure><a href=\"https:\/\/busf.org\/wp-content\/uploads\/2019\/11\/image050.jpg\"><img decoding=\"async\" src=\"https:\/\/busf.org\/wp-content\/uploads\/2019\/11\/image050.jpg\" alt=\" data-id=\"12393\" data-link=\"https:\/\/busf.org\/?attachment_id=12393\" class=\"wp-image-12393\"\/><\/a><\/figure><\/li><li class=\"blocks-gallery-item\"><figure><a href=\"https:\/\/busf.org\/wp-content\/uploads\/2019\/11\/image051-1030x773.jpg\"><img decoding=\"async\" src=\"https:\/\/busf.org\/wp-content\/uploads\/2019\/11\/image051-1030x773.jpg\" alt=\" data-id=\"12395\" data-link=\"https:\/\/busf.org\/?attachment_id=12395\" class=\"wp-image-12395\"\/><\/a><\/figure><\/li><li class=\"blocks-gallery-item\"><figure><a href=\"https:\/\/busf.org\/wp-content\/uploads\/2019\/11\/image052.jpg\"><img decoding=\"async\" src=\"https:\/\/busf.org\/wp-content\/uploads\/2019\/11\/image052.jpg\" alt=\" data-id=\"12397\" data-link=\"https:\/\/busf.org\/?attachment_id=12397\" class=\"wp-image-12397\"\/><\/a><\/figure><\/li><li class=\"blocks-gallery-item\"><figure><a href=\"https:\/\/busf.org\/wp-content\/uploads\/2019\/11\/image053.jpg\"><img decoding=\"async\" src=\"https:\/\/busf.org\/wp-content\/uploads\/2019\/11\/image053.jpg\" alt=\" data-id=\"12399\" data-link=\"https:\/\/busf.org\/?attachment_id=12399\" class=\"wp-image-12399\"\/><\/a><\/figure><\/li><li class=\"blocks-gallery-item\"><figure><a href=\"https:\/\/busf.org\/wp-content\/uploads\/2019\/11\/image054-1030x773.jpg\"><img decoding=\"async\" src=\"https:\/\/busf.org\/wp-content\/uploads\/2019\/11\/image054-1030x773.jpg\" alt=\" data-id=\"12401\" data-link=\"https:\/\/busf.org\/?attachment_id=12401\" class=\"wp-image-12401\"\/><\/a><\/figure><\/li><li class=\"blocks-gallery-item\"><figure><a href=\"https:\/\/busf.org\/wp-content\/uploads\/2019\/11\/image055-1030x580.jpg\"><img decoding=\"async\" src=\"https:\/\/busf.org\/wp-content\/uploads\/2019\/11\/image055-1030x580.jpg\" alt=\" data-id=\"12403\" data-link=\"https:\/\/busf.org\/?attachment_id=12403\" class=\"wp-image-12403\"\/><\/a><\/figure><\/li><li class=\"blocks-gallery-item\"><figure><a href=\"https:\/\/busf.org\/wp-content\/uploads\/2019\/11\/image056-1030x773.jpg\"><img decoding=\"async\" src=\"https:\/\/busf.org\/wp-content\/uploads\/2019\/11\/image056-1030x773.jpg\" alt=\" data-id=\"12405\" data-link=\"https:\/\/busf.org\/?attachment_id=12405\" class=\"wp-image-12405\"\/><\/a><\/figure><\/li><li class=\"blocks-gallery-item\"><figure><a href=\"https:\/\/busf.org\/wp-content\/uploads\/2019\/11\/image057-1030x773.jpg\"><img decoding=\"async\" src=\"https:\/\/busf.org\/wp-content\/uploads\/2019\/11\/image057-1030x773.jpg\" alt=\" data-id=\"12407\" data-link=\"https:\/\/busf.org\/?attachment_id=12407\" class=\"wp-image-12407\"\/><\/a><\/figure><\/li><li class=\"blocks-gallery-item\"><figure><a href=\"https:\/\/busf.org\/wp-content\/uploads\/2019\/11\/image058-1030x773.jpg\"><img decoding=\"async\" src=\"https:\/\/busf.org\/wp-content\/uploads\/2019\/11\/image058-1030x773.jpg\" alt=\" data-id=\"12409\" data-link=\"https:\/\/busf.org\/?attachment_id=12409\" class=\"wp-image-12409\"\/><\/a><\/figure><\/li><li class=\"blocks-gallery-item\"><figure><a href=\"https:\/\/busf.org\/wp-content\/uploads\/2019\/11\/image059.jpg\"><img decoding=\"async\" src=\"https:\/\/busf.org\/wp-content\/uploads\/2019\/11\/image059.jpg\" alt=\" data-id=\"12411\" data-link=\"https:\/\/busf.org\/?attachment_id=12411\" class=\"wp-image-12411\"\/><\/a><\/figure><\/li><li class=\"blocks-gallery-item\"><figure><a href=\"https:\/\/busf.org\/wp-content\/uploads\/2019\/11\/image060-1030x773.jpg\"><img decoding=\"async\" src=\"https:\/\/busf.org\/wp-content\/uploads\/2019\/11\/image060-1030x773.jpg\" alt=\" data-id=\"12413\" data-link=\"https:\/\/busf.org\/?attachment_id=12413\" class=\"wp-image-12413\"\/><\/a><\/figure><\/li><li class=\"blocks-gallery-item\"><figure><a href=\"https:\/\/busf.org\/wp-content\/uploads\/2019\/11\/image061.jpg\"><img decoding=\"async\" src=\"https:\/\/busf.org\/wp-content\/uploads\/2019\/11\/image061.jpg\" alt=\" data-id=\"12415\" data-link=\"https:\/\/busf.org\/?attachment_id=12415\" class=\"wp-image-12415\"\/><\/a><\/figure><\/li><\/ul>\n\n\n\n<p><strong>1 de Noviembre. \u00a0<\/strong>Llegada del contenedor 40\u00b4HC, Puerto Corinto de Nicaragua y posterior retirada de aduanas, traslado a Managua<strong>.<\/strong><\/p>\n\n\n\n<ul class=\"wp-block-gallery columns-3 is-cropped wp-block-gallery-8 is-layout-flex wp-block-gallery-is-layout-flex\"><li class=\"blocks-gallery-item\"><figure><img decoding=\"async\" src=\"https:\/\/busf.org\/wp-content\/uploads\/2019\/11\/image062.jpg\" alt=\" data-id=\"12417\" data-link=\"https:\/\/busf.org\/?attachment_id=12417\" class=\"wp-image-12417\"\/><\/figure><\/li><li class=\"blocks-gallery-item\"><figure><img decoding=\"async\" src=\"https:\/\/busf.org\/wp-content\/uploads\/2019\/11\/image063-1030x773.jpg\" alt=\" data-id=\"12419\" data-link=\"https:\/\/busf.org\/?attachment_id=12419\" class=\"wp-image-12419\"\/><\/figure><\/li><li class=\"blocks-gallery-item\"><figure><img decoding=\"async\" src=\"https:\/\/busf.org\/wp-content\/uploads\/2019\/11\/image064-1030x773.jpg\" alt=\" data-id=\"12421\" data-link=\"https:\/\/busf.org\/?attachment_id=12421\" class=\"wp-image-12421\"\/><\/figure><\/li><li class=\"blocks-gallery-item\"><figure><img decoding=\"async\" src=\"https:\/\/busf.org\/wp-content\/uploads\/2019\/11\/image065-773x1030.jpg\" alt=\" data-id=\"12423\" data-link=\"https:\/\/busf.org\/?attachment_id=12423\" class=\"wp-image-12423\"\/><\/figure><\/li><\/ul>\n\n\n\n<p><strong>Del d\u00eda 13 al 15 de noviembre,<\/strong> <strong>\u00a0<\/strong>Antonio Nogales Rodr\u00edguez, Presidente y\u00a0Responsable del \u00c1rea de Cat\u00e1strofe de Bomberos Unidos-\u00a0BUSF aprovechando su estad\u00eda en Guatemala donde se est\u00e1 impartiendo la formaci\u00f3n y creaci\u00f3n de la Unidad Canina de Rescate (UCR) M\u00e9todo Arc\u00f3n, viaj\u00f3 a Managua con el fin de potenciar las actividades y gestiones de la filial BUSF Nicaragua (incluida en el Cuerpo de Bomberos Unificados) y valorar las necesidades m\u00e1s apremiantes con el fin de poder seguir cooperando con proyectos de fortalecimiento y potenciaci\u00f3n para los servicios de primera respuesta nicarag\u00fcenses, siempre en base a las posibilidades reales de BUSF Espa\u00f1a y de la Direcci\u00f3n General de Bomberos, Ministerio de Gobernaci\u00f3n de Nicaragua . \u00a0<\/p>\n\n\n\n<p>A su llegada, fue recibido por el Comandante de Brigada y Dtor. Geral. De la Direcci\u00f3n General de Bomberos, Ministerio de Gobernaci\u00f3n de Nicaragua, Ram\u00f3n Landero Pichardo, junto al Comandante y Presidente de BUSF Nicaragua, Manuel M. Zamora P\u00e9rez.\u00a0Tras la recepci\u00f3n en el aeropuerto de Managua, se trasladaron al\u00a0almac\u00e9n central de la Direcci\u00f3n General de Bomberos, donde se encuentran todos los equipos y materiales\u00a0donados por BUSF Espa\u00f1a, comprobando que toda la mercanc\u00eda fue\u00a0recibida en perfecto estado. Siguiendo con la agenda prevista, visita a la Unidad Canina del Cuerpo Unificado de Bomberos.\u00a0 <\/p>\n\n\n\n<p><strong>D\u00eda 14. <\/strong>Visita de trabajo con el <strong>Viceministro de Gobernaci\u00f3n Luis Ca\u00f1as<\/strong>, el cual da a conocer los avances de Bomberos de Nicaragua y expone el Programa de Gobierno,\u00a0valorando futuros\u00a0proyectos de BUSF Espa\u00f1a que se puedan integrar 2020-2021.<\/p>\n\n\n\n<p>Encuentro con el Comandante Jaime Delgado, 1er. Jefe de la ACCBVN, en la Estaci\u00f3n de Bomberos X-30 de la Asociaci\u00f3n de Bomberos Voluntarios de Nicaragua.<\/p>\n\n\n\n<p>D\u00eda 15. Regreso a Guatemala.<\/p>\n\n\n\n<ul class=\"wp-block-gallery columns-3 is-cropped wp-block-gallery-9 is-layout-flex wp-block-gallery-is-layout-flex\"><li class=\"blocks-gallery-item\"><figure><a href=\"https:\/\/busf.org\/wp-content\/uploads\/2019\/11\/image066-1030x773.jpg\"><img decoding=\"async\" src=\"https:\/\/busf.org\/wp-content\/uploads\/2019\/11\/image066-1030x773.jpg\" alt=\" data-id=\"12425\" data-link=\"https:\/\/busf.org\/?attachment_id=12425\" class=\"wp-image-12425\"\/><\/a><\/figure><\/li><li class=\"blocks-gallery-item\"><figure><a href=\"https:\/\/busf.org\/wp-content\/uploads\/2019\/11\/image067-1030x1030.jpg\"><img decoding=\"async\" src=\"https:\/\/busf.org\/wp-content\/uploads\/2019\/11\/image067-1030x1030.jpg\" alt=\" data-id=\"12427\" data-link=\"https:\/\/busf.org\/?attachment_id=12427\" class=\"wp-image-12427\"\/><\/a><\/figure><\/li><li class=\"blocks-gallery-item\"><figure><a href=\"https:\/\/busf.org\/wp-content\/uploads\/2019\/11\/image068-1030x1030.jpg\"><img decoding=\"async\" src=\"https:\/\/busf.org\/wp-content\/uploads\/2019\/11\/image068-1030x1030.jpg\" alt=\" data-id=\"12429\" data-link=\"https:\/\/busf.org\/?attachment_id=12429\" class=\"wp-image-12429\"\/><\/a><\/figure><\/li><\/ul>\n","protected":false},"excerpt":{"rendered":"<p>Abril.- Se completa una nueva pasant\u00eda en C\u00f3rdoba Objetivo. Formaci\u00f3n y multiplicaci\u00f3n de los conocimientos adquiridos. Un a\u00f1o m\u00e1s -y con este van cinco-, la Diputaci\u00f3n de C\u00f3rdoba cofinancia esta actividad internacional gracias al apoyo del Consorcio Provincial de Bomberos, en la cual dos bomberas voluntarias nicarag\u00fcenses han compartido conocimientos y experiencias con miembros de [&hellip;]<\/p>\n","protected":false},"author":3,"featured_media":388,"comment_status":"open","ping_status":"open","sticky":false,"template":"","format":"standard","meta":{"_acf_changed":false,"footnotes":""},"categories":[50],"tags":[],"class_list":["post-387","post","type-post","status-publish","format-standard","has-post-thumbnail","hentry","category-red-iberoamericana"],"acf":[],"_links":{"self":[{"href":"https:\/\/busf.org\/en\/wp-json\/wp\/v2\/posts\/387","targetHints":{"allow":["GET"]}}],"collection":[{"href":"https:\/\/busf.org\/en\/wp-json\/wp\/v2\/posts"}],"about":[{"href":"https:\/\/busf.org\/en\/wp-json\/wp\/v2\/types\/post"}],"author":[{"embeddable":true,"href":"https:\/\/busf.org\/en\/wp-json\/wp\/v2\/users\/3"}],"replies":[{"embeddable":true,"href":"https:\/\/busf.org\/en\/wp-json\/wp\/v2\/comments?post=387"}],"version-history":[{"count":1,"href":"https:\/\/busf.org\/en\/wp-json\/wp\/v2\/posts\/387\/revisions"}],"predecessor-version":[{"id":2040,"href":"https:\/\/busf.org\/en\/wp-json\/wp\/v2\/posts\/387\/revisions\/2040"}],"wp:featuredmedia":[{"embeddable":true,"href":"https:\/\/busf.org\/en\/wp-json\/wp\/v2\/media\/388"}],"wp:attachment":[{"href":"https:\/\/busf.org\/en\/wp-json\/wp\/v2\/media?parent=387"}],"wp:term":[{"taxonomy":"category","embeddable":true,"href":"https:\/\/busf.org\/en\/wp-json\/wp\/v2\/categories?post=387"},{"taxonomy":"post_tag","embeddable":true,"href":"https:\/\/busf.org\/en\/wp-json\/wp\/v2\/tags?post=387"}],"curies":[{"name":"wp","href":"https:\/\/api.w.org\/{rel}","templated":true}]}}