{"id":363,"date":"2019-09-09T13:07:36","date_gmt":"2019-09-09T11:07:36","guid":{"rendered":"https:\/\/busf.org\/simulacro-en-villa-nueva-guatemala\/"},"modified":"2025-09-12T14:05:18","modified_gmt":"2025-09-12T12:05:18","slug":"simulacro-en-villa-nueva-guatemala","status":"publish","type":"post","link":"https:\/\/busf.org\/en\/simulacro-en-villa-nueva-guatemala\/","title":{"rendered":"Simulacro en Villa Nueva, Guatemala"},"content":{"rendered":"\n<p>Un simulacro simult\u00e1neo en 5 comunidades se ha realizado el pasado viernes 6 de septiembre en las comunidades Valle de Nazareth, R\u00edo Nilo Peronia, San Gabriel, Villa Lobos Norte y Marianitas simul\u00f3 un saldo de 12 heridos, 6 trasladados y mil evacuados.<\/p>\n\n\n\n<p>El escenario principal del deslizamiento de tierra fue Marianitas donde el personal de la Coordinadora Local para la Reducci\u00f3n de Desastres&nbsp;<a href=\"https:\/\/www.facebook.com\/hashtag\/colred?source=feed_text&amp;epa=HASHTAG&amp;__xts__%5B0%5D=68.ARAO19y7uSyx320fv-DnezYC3EV4motzVPWLmUrWKiBJhSwqgyF-Gds0ro79YvqreZEBd8xI889JWRvpgDOrcsifwyuOMBaD9waV9GI-noT-tBXt_A0xFHE2GSiqI8VEV0WTgU7Jx-JeBwHu6y_KSUVPLjepjJgbTStWMW3CD-frpgIabhnwBPBSzxorrt7Su4cIAHHyLKOOiYG9oYqHNTmxb1M8RCMQXqlbcRmjLpKYiTYeBUL1ia_kxm7YKNIBUvdrD9cgfQwcID1gOuRvkGOPFl4FshUy4G1Cq7x22T2di2dkvigNrJPi54Pd7yI6XcGBlA7l9GDTEN9lVkLf6DDydQ&amp;__tn__=%2ANK-R\">#COLRED<\/a>&nbsp;fueron los encargados de las evacuaciones&nbsp;y la atenci\u00f3n de heridos y lesionados.<\/p>\n\n\n\n<p>Bomberos Unidos sin Fronteras, Bomberos Municipales Departamentales, la Direcci\u00f3n de Salud de la Municipalidad villanovana, Polic\u00eda Municipal de tr\u00e1nsito y Polic\u00eda Municipal han participado en este ejercicio donde la Coordinadora Municipal para la Reducci\u00f3n de Desastres&nbsp;<a href=\"https:\/\/www.facebook.com\/hashtag\/comredvn?source=feed_text&amp;epa=HASHTAG&amp;__xts__%5B0%5D=68.ARAO19y7uSyx320fv-DnezYC3EV4motzVPWLmUrWKiBJhSwqgyF-Gds0ro79YvqreZEBd8xI889JWRvpgDOrcsifwyuOMBaD9waV9GI-noT-tBXt_A0xFHE2GSiqI8VEV0WTgU7Jx-JeBwHu6y_KSUVPLjepjJgbTStWMW3CD-frpgIabhnwBPBSzxorrt7Su4cIAHHyLKOOiYG9oYqHNTmxb1M8RCMQXqlbcRmjLpKYiTYeBUL1ia_kxm7YKNIBUvdrD9cgfQwcID1gOuRvkGOPFl4FshUy4G1Cq7x22T2di2dkvigNrJPi54Pd7yI6XcGBlA7l9GDTEN9lVkLf6DDydQ&amp;__tn__=%2ANK-R\">#COMREDVN<\/a>&nbsp;fue la encargada de suministrar el apoyo necesario a los damnificados.<\/p>\n\n\n\n<p>Ojeadores de la Uni\u00f3n Europea y de la Coordinadora Nacional para la Reducci\u00f3n de Desastres CONRED estuvieron tambi\u00e9n presentes.<\/p>\n\n\n\n<p>El objetivo principal es que las COLRED pongan en pr\u00e1ctica los procedimientos y protocolos de seguridad establecidos en los planes de respuesta municipal y local para la atenci\u00f3n a un evento de acuerdo a los niveles de respuesta y coordinaci\u00f3n escalonada.<\/p>\n\n\n\n<p>La alianza ESFRA ISMUGUA han realizado con la CONRED el trabajo conjunto para fortalecer los conocimientos y habilidades de las estructuras comunitarias y municipales con el fin de estar preparados y salvaguardar la vida de las personas ante un evento adverso.<\/p>\n\n\n\n<ul class=\"wp-block-gallery columns-3 is-cropped wp-block-gallery-1 is-layout-flex wp-block-gallery-is-layout-flex\"><li class=\"blocks-gallery-item\"><figure><a href=\"https:\/\/busf.org\/wp-content\/uploads\/2019\/09\/IMG-20190906-WA0003-1030x686.jpg\"><img decoding=\"async\" src=\"https:\/\/busf.org\/wp-content\/uploads\/2019\/09\/IMG-20190906-WA0003-1030x686.jpg\" alt=\" data-id=\"11829\" data-link=\"https:\/\/busf.org\/?attachment_id=11829\" class=\"wp-image-11829\"\/><\/a><\/figure><\/li><li class=\"blocks-gallery-item\"><figure><a href=\"https:\/\/busf.org\/wp-content\/uploads\/2019\/09\/IMG-20190906-WA0004-1-1030x686.jpg\"><img decoding=\"async\" src=\"https:\/\/busf.org\/wp-content\/uploads\/2019\/09\/IMG-20190906-WA0004-1-1030x686.jpg\" alt=\" data-id=\"11831\" data-link=\"https:\/\/busf.org\/?attachment_id=11831\" class=\"wp-image-11831\"\/><\/a><\/figure><\/li><li class=\"blocks-gallery-item\"><figure><a href=\"https:\/\/busf.org\/wp-content\/uploads\/2019\/09\/IMG-20190906-WA0006-1030x686.jpg\"><img decoding=\"async\" src=\"https:\/\/busf.org\/wp-content\/uploads\/2019\/09\/IMG-20190906-WA0006-1030x686.jpg\" alt=\" data-id=\"11833\" data-link=\"https:\/\/busf.org\/?attachment_id=11833\" class=\"wp-image-11833\"\/><\/a><\/figure><\/li><li class=\"blocks-gallery-item\"><figure><a href=\"https:\/\/busf.org\/wp-content\/uploads\/2019\/09\/IMG-20190906-WA0007-1030x773.jpg\"><img decoding=\"async\" src=\"https:\/\/busf.org\/wp-content\/uploads\/2019\/09\/IMG-20190906-WA0007-1030x773.jpg\" alt=\" data-id=\"11835\" data-link=\"https:\/\/busf.org\/?attachment_id=11835\" class=\"wp-image-11835\"\/><\/a><\/figure><\/li><li class=\"blocks-gallery-item\"><figure><a href=\"https:\/\/busf.org\/wp-content\/uploads\/2019\/09\/IMG-20190906-WA0008-1030x580.jpg\"><img decoding=\"async\" src=\"https:\/\/busf.org\/wp-content\/uploads\/2019\/09\/IMG-20190906-WA0008-1030x580.jpg\" alt=\" data-id=\"11837\" data-link=\"https:\/\/busf.org\/?attachment_id=11837\" class=\"wp-image-11837\"\/><\/a><\/figure><\/li><li class=\"blocks-gallery-item\"><figure><a href=\"https:\/\/busf.org\/wp-content\/uploads\/2019\/09\/IMG-20190906-WA0009-1030x686.jpg\"><img decoding=\"async\" src=\"https:\/\/busf.org\/wp-content\/uploads\/2019\/09\/IMG-20190906-WA0009-1030x686.jpg\" alt=\" data-id=\"11839\" data-link=\"https:\/\/busf.org\/?attachment_id=11839\" class=\"wp-image-11839\"\/><\/a><\/figure><\/li><li class=\"blocks-gallery-item\"><figure><a href=\"https:\/\/busf.org\/wp-content\/uploads\/2019\/09\/IMG-20190906-WA0010-1030x686.jpg\"><img decoding=\"async\" src=\"https:\/\/busf.org\/wp-content\/uploads\/2019\/09\/IMG-20190906-WA0010-1030x686.jpg\" alt=\" data-id=\"11841\" data-link=\"https:\/\/busf.org\/?attachment_id=11841\" class=\"wp-image-11841\"\/><\/a><\/figure><\/li><li class=\"blocks-gallery-item\"><figure><a href=\"https:\/\/busf.org\/wp-content\/uploads\/2019\/09\/IMG-20190906-WA0011-1030x686.jpg\"><img decoding=\"async\" src=\"https:\/\/busf.org\/wp-content\/uploads\/2019\/09\/IMG-20190906-WA0011-1030x686.jpg\" alt=\" data-id=\"11843\" data-link=\"https:\/\/busf.org\/?attachment_id=11843\" class=\"wp-image-11843\"\/><\/a><\/figure><\/li><li class=\"blocks-gallery-item\"><figure><a href=\"https:\/\/busf.org\/wp-content\/uploads\/2019\/09\/IMG-20190906-WA0012-1030x686.jpg\"><img decoding=\"async\" src=\"https:\/\/busf.org\/wp-content\/uploads\/2019\/09\/IMG-20190906-WA0012-1030x686.jpg\" alt=\" data-id=\"11845\" data-link=\"https:\/\/busf.org\/?attachment_id=11845\" class=\"wp-image-11845\"\/><\/a><\/figure><\/li><li class=\"blocks-gallery-item\"><figure><a href=\"https:\/\/busf.org\/wp-content\/uploads\/2019\/09\/IMG-20190906-WA0013-1030x686.jpg\"><img decoding=\"async\" src=\"https:\/\/busf.org\/wp-content\/uploads\/2019\/09\/IMG-20190906-WA0013-1030x686.jpg\" alt=\" data-id=\"11847\" data-link=\"https:\/\/busf.org\/?attachment_id=11847\" class=\"wp-image-11847\"\/><\/a><\/figure><\/li><li class=\"blocks-gallery-item\"><figure><a href=\"https:\/\/busf.org\/wp-content\/uploads\/2019\/09\/IMG-20190906-WA0015-1030x686.jpg\"><img decoding=\"async\" src=\"https:\/\/busf.org\/wp-content\/uploads\/2019\/09\/IMG-20190906-WA0015-1030x686.jpg\" alt=\" data-id=\"11851\" data-link=\"https:\/\/busf.org\/?attachment_id=11851\" class=\"wp-image-11851\"\/><\/a><\/figure><\/li><li class=\"blocks-gallery-item\"><figure><a href=\"https:\/\/busf.org\/wp-content\/uploads\/2019\/09\/IMG-20190906-WA0017-686x1030.jpg\"><img decoding=\"async\" src=\"https:\/\/busf.org\/wp-content\/uploads\/2019\/09\/IMG-20190906-WA0017-686x1030.jpg\" alt=\" data-id=\"11853\" data-link=\"https:\/\/busf.org\/?attachment_id=11853\" class=\"wp-image-11853\"\/><\/a><\/figure><\/li><\/ul>\n","protected":false},"excerpt":{"rendered":"<p>Un simulacro simult\u00e1neo en 5 comunidades se ha realizado el pasado viernes 6 de septiembre en las comunidades Valle de Nazareth, R\u00edo Nilo Peronia, San Gabriel, Villa Lobos Norte y Marianitas simul\u00f3 un saldo de 12 heridos, 6 trasladados y mil evacuados. El escenario principal del deslizamiento de tierra fue Marianitas donde el personal de [&hellip;]<\/p>\n","protected":false},"author":3,"featured_media":364,"comment_status":"open","ping_status":"open","sticky":false,"template":"","format":"standard","meta":{"_acf_changed":false,"footnotes":""},"categories":[50],"tags":[],"class_list":["post-363","post","type-post","status-publish","format-standard","has-post-thumbnail","hentry","category-red-iberoamericana"],"acf":[],"_links":{"self":[{"href":"https:\/\/busf.org\/en\/wp-json\/wp\/v2\/posts\/363","targetHints":{"allow":["GET"]}}],"collection":[{"href":"https:\/\/busf.org\/en\/wp-json\/wp\/v2\/posts"}],"about":[{"href":"https:\/\/busf.org\/en\/wp-json\/wp\/v2\/types\/post"}],"author":[{"embeddable":true,"href":"https:\/\/busf.org\/en\/wp-json\/wp\/v2\/users\/3"}],"replies":[{"embeddable":true,"href":"https:\/\/busf.org\/en\/wp-json\/wp\/v2\/comments?post=363"}],"version-history":[{"count":1,"href":"https:\/\/busf.org\/en\/wp-json\/wp\/v2\/posts\/363\/revisions"}],"predecessor-version":[{"id":2049,"href":"https:\/\/busf.org\/en\/wp-json\/wp\/v2\/posts\/363\/revisions\/2049"}],"wp:featuredmedia":[{"embeddable":true,"href":"https:\/\/busf.org\/en\/wp-json\/wp\/v2\/media\/364"}],"wp:attachment":[{"href":"https:\/\/busf.org\/en\/wp-json\/wp\/v2\/media?parent=363"}],"wp:term":[{"taxonomy":"category","embeddable":true,"href":"https:\/\/busf.org\/en\/wp-json\/wp\/v2\/categories?post=363"},{"taxonomy":"post_tag","embeddable":true,"href":"https:\/\/busf.org\/en\/wp-json\/wp\/v2\/tags?post=363"}],"curies":[{"name":"wp","href":"https:\/\/api.w.org\/{rel}","templated":true}]}}